{"id":12,"date":"2016-10-24T20:43:20","date_gmt":"2016-10-24T18:43:20","guid":{"rendered":"http:\/\/eco3x.fr\/BLOG\/onestensemble\/?p=12"},"modified":"2016-11-02T15:04:19","modified_gmt":"2016-11-02T14:04:19","slug":"article-2","status":"publish","type":"post","link":"https:\/\/eco3x.fr\/BLOG\/onestensemble\/article-2\/","title":{"rendered":"Claire, ann\u00e9es 2012-2013"},"content":{"rendered":"<p class=\"corpsDIVtext\">Claire Meslot, coop\u00e9rante partie avec la DCC pendant 16 mois\u00a0durant la p\u00e9riode\u00a02012\/2013, \u00e0 travaill\u00e9 et v\u00e9cu avec les jeunes enfants de Balimba.<br \/>\nElle\u00a0nous raconte \u00e0 travers ces lettres ce qu\u2019elle a v\u00e9cu au Tchad<\/p>\n<blockquote>\n<p class=\"corpsDIVtext\">Les enfants ont pour la plupart, v\u00e9cus des situations compliqu\u00e9es avant d\u2019arriver au centre. J\u2019essayerai de vous envoyer dans une prochaine lettre un ou deux t\u00e9moignages. Ils ont conscience que l\u2019\u00e9cole reste vraiment une chance pour eux, et que le centre leur apporte un cadre propice \u00e0 leur \u00e9panouissement. Ils sont donc bien partie prenante de tout ce qu\u2019on peut entreprendre avec eux, c\u2019est super ! (ils ne sont jamais \u00ab blas\u00e9s \u00bb !). Pour l\u2019instant donc, j\u2019essaye de \u00ab vivre \u00bb un maximum de chose avec eux, dans leur quotidien, dans le travail (aller par exemple \u00e0 pied avec eux jusqu\u2019au moulin pour moudre le mil, partir ramasser puis presser les citrons, travailler au jardin, etc.). Ici, le travail au quotidien est normal et fait partie int\u00e9grante de la vie, m\u00eame pour les enfants qui ont vite compris que cela, il n\u2019y a pas de quoi manger. Nous faisons aussi du soutien scolaire et diff\u00e9rentes activit\u00e9s d\u2019animation comme des chants ou des jeux ensemble\u2026<\/p>\n<\/blockquote>\n<ul>\n<li class=\"corpsDIVtext\"><a class=\"lien\" href=\"http:\/\/www.campsinternationauxjeunes-sdc.fr\/balimba11\/fichiers\/newsletterClaireOct12.pdf\" target=\"_blank\">NEWSLETTER 14 octobre 2012<\/a><\/li>\n<li class=\"corpsDIVtext\"><a class=\"lien\" href=\"http:\/\/www.campsinternationauxjeunes-sdc.fr\/balimba11\/fichiers\/newsletterClaireNov12.pdf\" target=\"_blank\">NEWSLETTER 17 novembre 2012<\/a><\/li>\n<li class=\"corpsDIVtext\"><a class=\"lien\" href=\"http:\/\/www.campsinternationauxjeunes-sdc.fr\/balimba11\/fichiers\/newsletterClaireDec12.pdf\" target=\"_blank\">NEWSLETTER 19 d\u00e9cembre 2012<\/a><\/li>\n<li class=\"corpsDIVtext\">\u00a0<a class=\"lien\" href=\"http:\/\/www.campsinternationauxjeunes-sdc.fr\/balimba11\/fichiers\/voeux13.pdf\">VOEUX de No\u00ebl, de fin d&rsquo;ann\u00e9e et du nouvel an 2013<\/a>.<\/li>\n<li class=\"corpsDIVtext\"><a class=\"lien\" href=\"http:\/\/www.campsinternationauxjeunes-sdc.fr\/balimba11\/fichiers\/newsletterClaireJan13.pdf\" target=\"_blank\">NEWSLETTER 21 janvier 2013<\/a><\/li>\n<li class=\"corpsDIVtext\"><a class=\"lien\" href=\"http:\/\/www.campsinternationauxjeunes-sdc.fr\/balimba11\/fichiers\/newsletterClaireFev13.pdf\" target=\"_blank\">NEWSLETTER 15 f\u00e9vrier 2013<\/a><\/li>\n<li class=\"corpsDIVtext\"><a class=\"lien\" href=\"http:\/\/www.campsinternationauxjeunes-sdc.fr\/balimba11\/fichiers\/newsletterClaireMars13.pdf\" target=\"_blank\">NEWSLETTER 25 mars 2013<\/a><\/li>\n<li class=\"corpsDIVtext\"><a class=\"lien\" href=\"http:\/\/www.campsinternationauxjeunes-sdc.fr\/balimba11\/fichiers\/newsletterClaireAvril13.pdf\" target=\"_blank\">NEWSLETTER 23 avril 2013<\/a><\/li>\n<li class=\"corpsDIVtext\"><a class=\"lien\" href=\"http:\/\/www.campsinternationauxjeunes-sdc.fr\/balimba11\/fichiers\/newsletterClaireMai13.pdf\" target=\"_blank\">NEWSLETTER 28 mai 2013<\/a><\/li>\n<li class=\"corpsDIVtext\"><a class=\"lien\" href=\"http:\/\/www.campsinternationauxjeunes-sdc.fr\/balimba11\/fichiers\/newsletterClaireJuin13.pdf\" target=\"_blank\">NEWSLETTER 28 juin 2013<\/a><\/li>\n<li class=\"corpsDIVtext\"><a class=\"lien\" href=\"http:\/\/www.campsinternationauxjeunes-sdc.fr\/balimba11\/fichiers\/newsletterClaireJuly13.pdf\" target=\"_blank\">NEWSLETTER 30 juillet 2013<\/a><\/li>\n<li class=\"corpsDIVtext\"><a class=\"lien\" href=\"http:\/\/www.campsinternationauxjeunes-sdc.fr\/balimba11\/fichiers\/newsletterClaireOct13.pdf\" target=\"_blank\">NEWSLETTER 19 octobre 2013<\/a><\/li>\n<li class=\"corpsDIVtext\"><a class=\"lien\" href=\"http:\/\/www.campsinternationauxjeunes-sdc.fr\/balimba11\/fichiers\/newsletterClaireNov13.pdf\" target=\"_blank\">NEWSLETTER 26 novembre 2013<\/a><\/li>\n<li class=\"corpsDIVtext\"><a class=\"lien\" href=\"http:\/\/www.campsinternationauxjeunes-sdc.fr\/balimba11\/fichiers\/voeux14.pdf\" target=\"_blank\">Voeux de bonne ann\u00e9e 2014 aux couleurs et sourires d&rsquo;Afrique<\/a><\/li>\n<li class=\"corpsDIVtext\"><a class=\"lien\" href=\"http:\/\/www.campsinternationauxjeunes-sdc.fr\/balimba11\/fichiers\/newsletterClaireJan14.pdf\" target=\"_blank\">NEWSLETTER 08 janvier 2014<\/a><\/li>\n<\/ul>\n<p>&nbsp;<\/p>\n<p><img loading=\"lazy\" class=\"size-medium wp-image-46 aligncenter\" src=\"http:\/\/eco3x.fr\/BLOG\/onestensemble\/wp-content\/uploads\/claireenfants-300x226.jpg\" alt=\"claireenfants\" width=\"300\" height=\"226\" srcset=\"https:\/\/eco3x.fr\/BLOG\/onestensemble\/wp-content\/uploads\/claireenfants-300x226.jpg 300w, https:\/\/eco3x.fr\/BLOG\/onestensemble\/wp-content\/uploads\/claireenfants-370x278.jpg 370w, https:\/\/eco3x.fr\/BLOG\/onestensemble\/wp-content\/uploads\/claireenfants.jpg 746w\" sizes=\"(max-width: 300px) 100vw, 300px\" \/><\/p>\n","protected":false},"excerpt":{"rendered":"<p>Claire Meslot, coop\u00e9rante partie avec la DCC pendant 16 mois\u00a0durant la p\u00e9riode\u00a02012\/2013, \u00e0 travaill\u00e9 et v\u00e9cu avec les jeunes enfants de Balimba. Elle\u00a0nous raconte \u00e0 travers ces lettres ce qu\u2019elle a v\u00e9cu au Tchad Les enfants ont pour la plupart, v\u00e9cus des situations compliqu\u00e9es avant d\u2019arriver au centre. J\u2019essayerai de vous envoyer dans une prochaine [&hellip;]<\/p>\n","protected":false},"author":1,"featured_media":8,"comment_status":"open","ping_status":"open","sticky":false,"template":"","format":"standard","meta":{"_themeisle_gutenberg_block_has_review":false},"categories":[1],"tags":[],"_links":{"self":[{"href":"https:\/\/eco3x.fr\/BLOG\/onestensemble\/wp-json\/wp\/v2\/posts\/12"}],"collection":[{"href":"https:\/\/eco3x.fr\/BLOG\/onestensemble\/wp-json\/wp\/v2\/posts"}],"about":[{"href":"https:\/\/eco3x.fr\/BLOG\/onestensemble\/wp-json\/wp\/v2\/types\/post"}],"author":[{"embeddable":true,"href":"https:\/\/eco3x.fr\/BLOG\/onestensemble\/wp-json\/wp\/v2\/users\/1"}],"replies":[{"embeddable":true,"href":"https:\/\/eco3x.fr\/BLOG\/onestensemble\/wp-json\/wp\/v2\/comments?post=12"}],"version-history":[{"count":7,"href":"https:\/\/eco3x.fr\/BLOG\/onestensemble\/wp-json\/wp\/v2\/posts\/12\/revisions"}],"predecessor-version":[{"id":66,"href":"https:\/\/eco3x.fr\/BLOG\/onestensemble\/wp-json\/wp\/v2\/posts\/12\/revisions\/66"}],"wp:featuredmedia":[{"embeddable":true,"href":"https:\/\/eco3x.fr\/BLOG\/onestensemble\/wp-json\/wp\/v2\/media\/8"}],"wp:attachment":[{"href":"https:\/\/eco3x.fr\/BLOG\/onestensemble\/wp-json\/wp\/v2\/media?parent=12"}],"wp:term":[{"taxonomy":"category","embeddable":true,"href":"https:\/\/eco3x.fr\/BLOG\/onestensemble\/wp-json\/wp\/v2\/categories?post=12"},{"taxonomy":"post_tag","embeddable":true,"href":"https:\/\/eco3x.fr\/BLOG\/onestensemble\/wp-json\/wp\/v2\/tags?post=12"}],"curies":[{"name":"wp","href":"https:\/\/api.w.org\/{rel}","templated":true}]}}