{"id":14,"date":"2016-10-24T20:43:51","date_gmt":"2016-10-24T18:43:51","guid":{"rendered":"http:\/\/eco3x.fr\/BLOG\/onestensemble\/?p=14"},"modified":"2016-11-14T17:54:41","modified_gmt":"2016-11-14T16:54:41","slug":"article-3","status":"publish","type":"post","link":"https:\/\/eco3x.fr\/BLOG\/onestensemble\/article-3\/","title":{"rendered":"Domitille, ann\u00e9es 2014-2015"},"content":{"rendered":"<p>Domitille, coop\u00e9rante DCC, est partie \u00e0 Balimba en mars 2014 pour une p\u00e9riode de 16 mois.<br \/>\nElle nous raconte \u00e0 travers diff\u00e9rentes\u00a0lettres ce qu\u2019elle a v\u00e9cu au c\u00f4t\u00e9 des enfants de Balimba.<\/p>\n<blockquote><p>\u00ab\u00a0A l&rsquo;heure actuelle, nous accueillons au centre une quarantaine d&rsquo;enfants. Le nombre n&rsquo;est pas le m\u00eame tous les jours. En effet, certains nouveaux enfants, arriv\u00e9s au mois de d\u00e9cembre, naviguent entre le march\u00e9, leur famille et le centre, ayant des difficult\u00e9s \u00e0 renoncer \u00e0 la libert\u00e9 de la rue et \u00e0 trouver une certaine stabilit\u00e9. Lorsqu&rsquo;ils reviennent, les enfants sont accueillis sans jugement ; on tente petit \u00e0 petit de s&rsquo;apprivoiser mutuellement et de mieux comprendre leur situation.\u00a0\u00bb<\/p><\/blockquote>\n<ul>\n<li class=\"corpsDIVtext\"><a class=\"lien\" href=\"http:\/\/www.campsinternationauxjeunes-sdc.fr\/balimba11\/fichiers\/newsletterDomitilleAvril14.pdf\" target=\"_blank\">NEWSLETTER avril 2014<\/a><\/li>\n<li class=\"corpsDIVtext\"><a class=\"lien\" href=\"http:\/\/www.campsinternationauxjeunes-sdc.fr\/balimba11\/fichiers\/newsletterDomitilleAout14.pdf\" target=\"_blank\">NEWSLETTER Ao\u00fbt 2014<\/a><\/li>\n<li class=\"corpsDIVtext\"><a class=\"lien\" href=\"http:\/\/www.campsinternationauxjeunes-sdc.fr\/balimba11\/fichiers\/newsletterDomitilleNov14.pdf\" target=\"_blank\">NEWSLETTER Novembre 2014<\/a><\/li>\n<li class=\"corpsDIVtext\"><a class=\"lien\" href=\"http:\/\/www.campsinternationauxjeunes-sdc.fr\/balimba11\/fichiers\/newsletterDomitilleFev15.pdf\" target=\"_blank\">NEWSLETTER F\u00e9vrier 2015<\/a><\/li>\n<li class=\"corpsDIVtext\"><a class=\"lien\" href=\"http:\/\/www.campsinternationauxjeunes-sdc.fr\/balimba11\/fichiers\/newsletterDomitilleMai15.pdf\" target=\"_blank\">NEWSLETTER Mai 2015<\/a><\/li>\n<li class=\"corpsDIVtext\"><a class=\"lien\" href=\"http:\/\/www.campsinternationauxjeunes-sdc.fr\/balimba11\/fichiers\/newsletterDomitilleJuillet15.pdf\" target=\"_blank\">NEWSLETTER Juillet 2015<\/a><\/li>\n<li class=\"corpsDIVtext\"><a class=\"lien\" href=\"http:\/\/www.campsinternationauxjeunes-sdc.fr\/balimba11\/fichiers\/newsletterDomitilleSept15.pdf\" target=\"_blank\">NEWSLETTER Septembre 2015<\/a><\/li>\n<\/ul>\n<p>&nbsp;<\/p>\n<p><a class=\"lien\" href=\"http:\/\/www.campsinternationauxjeunes-sdc.fr\/balimba11\/fichiers\/newsletterDomitilleSept15.pdf\" target=\"_blank\"><img loading=\"lazy\" class=\"size-full wp-image-49 aligncenter\" src=\"http:\/\/eco3x.fr\/BLOG\/onestensemble\/wp-content\/uploads\/Sans-titre.png\" alt=\"sans-titre\" width=\"258\" height=\"183\" \/><\/a><\/p>\n","protected":false},"excerpt":{"rendered":"<p>Domitille, coop\u00e9rante DCC, est partie \u00e0 Balimba en mars 2014 pour une p\u00e9riode de 16 mois. Elle nous raconte \u00e0 travers diff\u00e9rentes\u00a0lettres ce qu\u2019elle a v\u00e9cu au c\u00f4t\u00e9 des enfants de Balimba. \u00ab\u00a0A l&rsquo;heure actuelle, nous accueillons au centre une quarantaine d&rsquo;enfants. Le nombre n&rsquo;est pas le m\u00eame tous les jours. En effet, certains nouveaux [&hellip;]<\/p>\n","protected":false},"author":1,"featured_media":68,"comment_status":"open","ping_status":"open","sticky":false,"template":"","format":"standard","meta":{"_themeisle_gutenberg_block_has_review":false},"categories":[1],"tags":[],"_links":{"self":[{"href":"https:\/\/eco3x.fr\/BLOG\/onestensemble\/wp-json\/wp\/v2\/posts\/14"}],"collection":[{"href":"https:\/\/eco3x.fr\/BLOG\/onestensemble\/wp-json\/wp\/v2\/posts"}],"about":[{"href":"https:\/\/eco3x.fr\/BLOG\/onestensemble\/wp-json\/wp\/v2\/types\/post"}],"author":[{"embeddable":true,"href":"https:\/\/eco3x.fr\/BLOG\/onestensemble\/wp-json\/wp\/v2\/users\/1"}],"replies":[{"embeddable":true,"href":"https:\/\/eco3x.fr\/BLOG\/onestensemble\/wp-json\/wp\/v2\/comments?post=14"}],"version-history":[{"count":6,"href":"https:\/\/eco3x.fr\/BLOG\/onestensemble\/wp-json\/wp\/v2\/posts\/14\/revisions"}],"predecessor-version":[{"id":52,"href":"https:\/\/eco3x.fr\/BLOG\/onestensemble\/wp-json\/wp\/v2\/posts\/14\/revisions\/52"}],"wp:featuredmedia":[{"embeddable":true,"href":"https:\/\/eco3x.fr\/BLOG\/onestensemble\/wp-json\/wp\/v2\/media\/68"}],"wp:attachment":[{"href":"https:\/\/eco3x.fr\/BLOG\/onestensemble\/wp-json\/wp\/v2\/media?parent=14"}],"wp:term":[{"taxonomy":"category","embeddable":true,"href":"https:\/\/eco3x.fr\/BLOG\/onestensemble\/wp-json\/wp\/v2\/categories?post=14"},{"taxonomy":"post_tag","embeddable":true,"href":"https:\/\/eco3x.fr\/BLOG\/onestensemble\/wp-json\/wp\/v2\/tags?post=14"}],"curies":[{"name":"wp","href":"https:\/\/api.w.org\/{rel}","templated":true}]}}