{"id":28,"date":"2016-10-24T21:14:07","date_gmt":"2016-10-24T19:14:07","guid":{"rendered":"http:\/\/eco3x.fr\/BLOG\/onestensemble\/?p=28"},"modified":"2016-10-31T12:11:10","modified_gmt":"2016-10-31T11:11:10","slug":"article-4","status":"publish","type":"post","link":"https:\/\/eco3x.fr\/BLOG\/onestensemble\/article-4\/","title":{"rendered":"Charlotte, ann\u00e9es 2015-2016"},"content":{"rendered":"<p>Charlotte, coop\u00e9rante DCC, s&rsquo;est rendue \u00e0 Balimba en septembre 2015 afin continuer les missions de Claire et de Domitille.\u00a0 elle nous raconte \u00e0 travers ces lettres ce qu\u2019elle a v\u00e9cu au c\u00f4t\u00e9 des enfants.<\/p>\n<blockquote>\n<p class=\"corpsDIVtext\">\u00ab\u00a0Le mois de Septembre a \u00e9t\u00e9 pour moi, celui de la d\u00e9couverte. En effet, Domitille est partie fin Aout, et ce f\u00fbt mes premiers pas au Tchad et au centre Balimba en autonomie. Biensur, j\u2019ai le soutien de plusieurs personnes : S\u0153ur Paola (S\u0153ur de la Charit\u00e9), des membres du bureau de l\u2019association (notamment Goliath) et de l\u2019\u00e9quipe du centre (Kisito \u2013 directeur du centre et Ngu\u00e9madji \u2013 \u00e9ducateur). J\u2019ai pris doucement mes marques, appr\u00e9hender la conduite \u00e0 la tchadienne dans la voiture que les s\u0153urs mettent \u00e0 ma disposition, ce qui n\u2019a pas \u00e9t\u00e9 sans quelques frayeurs au d\u00e9but, vue l\u2019\u00e9tat des routes puisque nous sommes en saison des pluies ! \u00ab\u00a0<\/p>\n<\/blockquote>\n<ul>\n<li class=\"corpsDIVtext\"><a class=\"lien\" href=\"http:\/\/www.campsinternationauxjeunes-sdc.fr\/balimba11\/fichiers\/newsletterCharlotteSeptt15.pdf\" target=\"_blank\">NEWSLETTER S\u00e9ptembre 2015<\/a><\/li>\n<li class=\"corpsDIVtext\"><a class=\"lien\" href=\"http:\/\/www.campsinternationauxjeunes-sdc.fr\/balimba11\/fichiers\/newsletterCharlotteOct15.pdf\" target=\"_blank\">NEWSLETTER Octobre 2015<\/a><\/li>\n<li class=\"corpsDIVtext\"><a class=\"lien\" href=\"http:\/\/www.campsinternationauxjeunes-sdc.fr\/balimba11\/fichiers\/newsletterCharlotteNov15.pdf\" target=\"_blank\">NEWSLETTER Novembre 2015<\/a><\/li>\n<li class=\"corpsDIVtext\"><a class=\"lien\" href=\"http:\/\/www.campsinternationauxjeunes-sdc.fr\/balimba11\/fichiers\/newsletterCharlotteDec15.pdf\" target=\"_blank\">NEWSLETTER D\u00e9cembre 2015<\/a><\/li>\n<li class=\"corpsDIVtext\"><a class=\"lien\" href=\"http:\/\/www.campsinternationauxjeunes-sdc.fr\/balimba11\/fichiers\/newsletterCharlotteJanv16.pdf\" target=\"_blank\">NEWSLETTER Janvier 2016<\/a><\/li>\n<li class=\"corpsDIVtext\"><a class=\"lien\" href=\"http:\/\/www.campsinternationauxjeunes-sdc.fr\/balimba11\/fichiers\/CentreBalimba_Janvier16.pdf\" target=\"_blank\">Janvier 2016, Pr\u00e9sentation du centre Balimba par Charlotte<\/a><\/li>\n<li class=\"corpsDIVtext\"><a class=\"lien\" href=\"http:\/\/www.campsinternationauxjeunes-sdc.fr\/balimba11\/fichiers\/newsletterCharlotteFev16.pdf\" target=\"_blank\">NEWSLETTER F\u00e9vrier 2016<\/a><\/li>\n<li class=\"corpsDIVtext\"><a class=\"lien\" href=\"http:\/\/www.campsinternationauxjeunes-sdc.fr\/balimba11\/fichiers\/newsletterCharlotteMars16.pdf\" target=\"_blank\">NEWSLETTER Mars 2016<\/a><\/li>\n<li class=\"corpsDIVtext\"><a class=\"lien\" href=\"http:\/\/www.campsinternationauxjeunes-sdc.fr\/balimba11\/fichiers\/newsletterCharlotteAvr16.pdf\" target=\"_blank\">NEWSLETTER Avril 2016<\/a><\/li>\n<li class=\"corpsDIVtext\"><a class=\"lien\" href=\"http:\/\/www.campsinternationauxjeunes-sdc.fr\/balimba11\/fichiers\/newsletterCharlotteJuin16.pdf\" target=\"_blank\">NEWSLETTER Juin 2016<\/a><\/li>\n<li class=\"corpsDIVtext\"><a class=\"lien\" href=\"http:\/\/www.campsinternationauxjeunes-sdc.fr\/balimba11\/fichiers\/CRpanneausolaireJuillet16.pdf\" target=\"_blank\">Compte-rendu des panneaux solaires par Charlotte, juillet 2016<\/a><\/li>\n<li class=\"corpsDIVtext\"><a class=\"lien\" href=\"http:\/\/www.campsinternationauxjeunes-sdc.fr\/balimba11\/fichiers\/newsletterCharlotteJuillet16.pdf\" target=\"_blank\">NEWSLETTER Juillet 2016<\/a><\/li>\n<\/ul>\n<p>&nbsp;<\/p>\n<p><img loading=\"lazy\" class=\"size-medium wp-image-53 aligncenter\" src=\"http:\/\/eco3x.fr\/BLOG\/onestensemble\/wp-content\/uploads\/xfsdfv-244x300.png\" alt=\"xfsdfv\" width=\"244\" height=\"300\" srcset=\"https:\/\/eco3x.fr\/BLOG\/onestensemble\/wp-content\/uploads\/xfsdfv-244x300.png 244w, https:\/\/eco3x.fr\/BLOG\/onestensemble\/wp-content\/uploads\/xfsdfv-370x455.png 370w, https:\/\/eco3x.fr\/BLOG\/onestensemble\/wp-content\/uploads\/xfsdfv.png 569w\" sizes=\"(max-width: 244px) 100vw, 244px\" \/><\/p>\n","protected":false},"excerpt":{"rendered":"<p>Charlotte, coop\u00e9rante DCC, s&rsquo;est rendue \u00e0 Balimba en septembre 2015 afin continuer les missions de Claire et de Domitille.\u00a0 elle nous raconte \u00e0 travers ces lettres ce qu\u2019elle a v\u00e9cu au c\u00f4t\u00e9 des enfants. \u00ab\u00a0Le mois de Septembre a \u00e9t\u00e9 pour moi, celui de la d\u00e9couverte. En effet, Domitille est partie fin Aout, et ce [&hellip;]<\/p>\n","protected":false},"author":1,"featured_media":53,"comment_status":"open","ping_status":"open","sticky":false,"template":"","format":"standard","meta":{"_themeisle_gutenberg_block_has_review":false},"categories":[1],"tags":[],"_links":{"self":[{"href":"https:\/\/eco3x.fr\/BLOG\/onestensemble\/wp-json\/wp\/v2\/posts\/28"}],"collection":[{"href":"https:\/\/eco3x.fr\/BLOG\/onestensemble\/wp-json\/wp\/v2\/posts"}],"about":[{"href":"https:\/\/eco3x.fr\/BLOG\/onestensemble\/wp-json\/wp\/v2\/types\/post"}],"author":[{"embeddable":true,"href":"https:\/\/eco3x.fr\/BLOG\/onestensemble\/wp-json\/wp\/v2\/users\/1"}],"replies":[{"embeddable":true,"href":"https:\/\/eco3x.fr\/BLOG\/onestensemble\/wp-json\/wp\/v2\/comments?post=28"}],"version-history":[{"count":7,"href":"https:\/\/eco3x.fr\/BLOG\/onestensemble\/wp-json\/wp\/v2\/posts\/28\/revisions"}],"predecessor-version":[{"id":54,"href":"https:\/\/eco3x.fr\/BLOG\/onestensemble\/wp-json\/wp\/v2\/posts\/28\/revisions\/54"}],"wp:featuredmedia":[{"embeddable":true,"href":"https:\/\/eco3x.fr\/BLOG\/onestensemble\/wp-json\/wp\/v2\/media\/53"}],"wp:attachment":[{"href":"https:\/\/eco3x.fr\/BLOG\/onestensemble\/wp-json\/wp\/v2\/media?parent=28"}],"wp:term":[{"taxonomy":"category","embeddable":true,"href":"https:\/\/eco3x.fr\/BLOG\/onestensemble\/wp-json\/wp\/v2\/categories?post=28"},{"taxonomy":"post_tag","embeddable":true,"href":"https:\/\/eco3x.fr\/BLOG\/onestensemble\/wp-json\/wp\/v2\/tags?post=28"}],"curies":[{"name":"wp","href":"https:\/\/api.w.org\/{rel}","templated":true}]}}