{"id":81,"date":"2018-01-27T10:40:44","date_gmt":"2018-01-27T09:40:44","guid":{"rendered":"http:\/\/eco3x.fr\/BLOG\/onestensemble\/?p=81"},"modified":"2018-01-27T10:46:42","modified_gmt":"2018-01-27T09:46:42","slug":"nouvelles-du-centre-de-balimba-2017","status":"publish","type":"post","link":"https:\/\/eco3x.fr\/BLOG\/onestensemble\/nouvelles-du-centre-de-balimba-2017\/","title":{"rendered":"Nouvelles du Centre de Balimba 2017"},"content":{"rendered":"<p><img loading=\"lazy\" class=\"size-medium wp-image-82 alignleft\" src=\"http:\/\/eco3x.fr\/BLOG\/onestensemble\/wp-content\/uploads\/gael-249x300.png\" alt=\"gael\" width=\"249\" height=\"300\" srcset=\"https:\/\/eco3x.fr\/BLOG\/onestensemble\/wp-content\/uploads\/gael-249x300.png 249w, https:\/\/eco3x.fr\/BLOG\/onestensemble\/wp-content\/uploads\/gael.png 271w\" sizes=\"(max-width: 249px) 100vw, 249px\" \/>L&rsquo;arriv\u00e9e du p\u00e8re Ga\u00ebl, fondateur du centre des enfants de la rue de Balimba et de l\u2019association AERMC au centre Balimba en ce jour 6 mai 2017. Cela fut une grande joie pour nous.<br \/>\nLe rendez vous \u00e9tait \u00e0 13h. Et le p\u00e8re Ga\u00ebl et sa d\u00e9l\u00e9gation \u00e9tais d\u00e9j\u00e0 a l&rsquo;entr\u00e9e du centre, bien ponctuels. C\u2019est dans un climat festif que l\u2019accueil s\u2019est d\u00e9roul\u00e9. La parole \u00e0 \u00e9t\u00e9 donn\u00e9e en premier lieu au p\u00e8re Ga\u00ebl. Ensuite, c\u2019\u00e9tait le mot de Larissa, repr\u00e9sentante des s\u0153urs de la Charit\u00e9, Mot de bienvenu du directeur du centre, porte parole des enfants. La suite de la c\u00e9r\u00e9monie a \u00e9t\u00e9 marqu\u00e9e par les chants d\u2019accueil des enfants, danses traditionnelles et modernes, d\u00e9monstrations de karat\u00e9s\u2026 Il y avait, \u00e0 part la d\u00e9l\u00e9gation du p\u00e8re Ga\u00ebl le p\u00e8re Corti et deux ressortissants du centre de Balimba. Grande surprise ! Le p\u00e8re Ga\u00ebl a partag\u00e9 avec nous le repas : la traditionnelle boule de mil rouge.<br \/>\nOn ne s\u2019y attendait pas. En cela, nous avons vu en lui le Ga\u00ebl jeune volontaire fran\u00e7ais qui a eu le courage de partager tout avec les enfants qu\u2019il a de r\u00e9cup\u00e9r\u00e9 au march\u00e9 de Sarh&#8230;<\/p>\n<p>\u00e0 suivre sur : <a href=\"http:\/\/www.campsinternationauxjeunes-sdc.fr\/balimba11\/fichiers\/newsletterGGjuin17.pdf\" target=\"_blank\">http:\/\/www.campsinternationauxjeunes-sdc.fr\/balimba11\/fichiers\/newsletterGGjuin17.pdf<\/a><\/p>\n","protected":false},"excerpt":{"rendered":"<p>L&rsquo;arriv\u00e9e du p\u00e8re Ga\u00ebl, fondateur du centre des enfants de la rue de Balimba et de l\u2019association AERMC au centre Balimba en ce jour 6 mai 2017. Cela fut une grande joie pour nous. Le rendez vous \u00e9tait \u00e0 13h. Et le p\u00e8re Ga\u00ebl et sa d\u00e9l\u00e9gation \u00e9tais d\u00e9j\u00e0 a l&rsquo;entr\u00e9e du centre, bien ponctuels. [&hellip;]<\/p>\n","protected":false},"author":2,"featured_media":0,"comment_status":"closed","ping_status":"open","sticky":false,"template":"","format":"standard","meta":{"_themeisle_gutenberg_block_has_review":false},"categories":[1],"tags":[],"_links":{"self":[{"href":"https:\/\/eco3x.fr\/BLOG\/onestensemble\/wp-json\/wp\/v2\/posts\/81"}],"collection":[{"href":"https:\/\/eco3x.fr\/BLOG\/onestensemble\/wp-json\/wp\/v2\/posts"}],"about":[{"href":"https:\/\/eco3x.fr\/BLOG\/onestensemble\/wp-json\/wp\/v2\/types\/post"}],"author":[{"embeddable":true,"href":"https:\/\/eco3x.fr\/BLOG\/onestensemble\/wp-json\/wp\/v2\/users\/2"}],"replies":[{"embeddable":true,"href":"https:\/\/eco3x.fr\/BLOG\/onestensemble\/wp-json\/wp\/v2\/comments?post=81"}],"version-history":[{"count":2,"href":"https:\/\/eco3x.fr\/BLOG\/onestensemble\/wp-json\/wp\/v2\/posts\/81\/revisions"}],"predecessor-version":[{"id":87,"href":"https:\/\/eco3x.fr\/BLOG\/onestensemble\/wp-json\/wp\/v2\/posts\/81\/revisions\/87"}],"wp:attachment":[{"href":"https:\/\/eco3x.fr\/BLOG\/onestensemble\/wp-json\/wp\/v2\/media?parent=81"}],"wp:term":[{"taxonomy":"category","embeddable":true,"href":"https:\/\/eco3x.fr\/BLOG\/onestensemble\/wp-json\/wp\/v2\/categories?post=81"},{"taxonomy":"post_tag","embeddable":true,"href":"https:\/\/eco3x.fr\/BLOG\/onestensemble\/wp-json\/wp\/v2\/tags?post=81"}],"curies":[{"name":"wp","href":"https:\/\/api.w.org\/{rel}","templated":true}]}}