{"id":84,"date":"2018-01-27T10:45:36","date_gmt":"2018-01-27T09:45:36","guid":{"rendered":"http:\/\/eco3x.fr\/BLOG\/onestensemble\/?p=84"},"modified":"2018-01-27T10:46:16","modified_gmt":"2018-01-27T09:46:16","slug":"newsletter-mars-2017","status":"publish","type":"post","link":"https:\/\/eco3x.fr\/BLOG\/onestensemble\/newsletter-mars-2017\/","title":{"rendered":"NEWSLETTER Mars 2017"},"content":{"rendered":"<p>Chers amis et bienfaiteurs, bonjour<\/p>\n<div>Il y a un temps de silence apr\u00e8s le d\u00e9part de Charlotte Lefeuvre la volontaire fran\u00e7aise le 17 d\u00e9cembre 2016.<\/div>\n<div>C\u2019\u00e9tait un vide \u00e0 g\u00e9rer et nous nous sommes organis\u00e9s en cons\u00e9quence pour faire avancer le centre de Balimba, pour continuer \u00e0 donner \u00e0 ces enfants qui ont accept\u00e9 de quitter le march\u00e9 et la rue, la chance d\u2019une vie et d\u2019un encadrement normal comme les autres.<\/div>\n<div>Du 15 au 16 f\u00e9vrier, j\u2019ai pass\u00e9 2 apr\u00e8s midi \u00e0 Balimba o\u00f9 j\u2019ai pu \u00e9changer avec les enfants et les \u00e9ducateurs.<\/div>\n<div>Tout se passe bien pour le moment. Les enfants ont racont\u00e9 leur joie de retrouver le chemin de l\u2019\u00e9cole apr\u00e8splusieurs mois de gr\u00e8ve des enseignants.<\/div>\n<div>Durant les deux jours, nous avons essay\u00e9 de garder le programme des activit\u00e9s ordinaires au d\u00e9but de l\u2019apr\u00e8s midi une heure de cours de soutien le premier jour et une heure d\u2019entrainement au football au deuxi\u00e8me jour.<\/div>\n<div>Vers la fin de l\u2019apr\u00e8s midi, les enfants se pr\u00e9sentaient et faisant en m\u00eame temps du bricolage. Des temps de r\u00e9cr\u00e9ation avec un gout\u00e9 offert par une amie Italienne qui \u00e9tait avec moi: Madame Anna Maria Arici.<\/div>\n<div>Nous pouvons nous r\u00e9jouir de la pr\u00e9sence, au centre de Balimba, de Larissa Kayet, une postulante des s\u0153urs de la Charit\u00e9 qui s\u2019adapte tr\u00e8s bien \u00e0 cette mission et s\u2019int\u00e8gre bien dans l\u2019\u00e9quipe des \u00e9ducateurs. Elle g\u00e8re lecommun au centre comme le faisaient les volontaires de la DCC. Pour les d\u00e9cisions importantes et extraordinaires, pour la gestion des finances et des dons re\u00e7us pour le centre de Balimba, il y a une \u00e9quipe compos\u00e9e de Mr Belem Mantangar le pr\u00e9sident de l\u2019AERMC et la Sr Emma Mantaryalla s\u0153ur de la Charit\u00e9 responsable de la communaut\u00e9 du foyer des filles. En cas de besoin, ils associent Larissa, le directeur et directeur adjoint du centre \u00e0 certaines d\u00e9cisions en les convoquant \u00e0 des r\u00e9unions qu\u2019ils tiennent r\u00e9guli\u00e8rement.<\/div>\n<div>Les prochaines nouvelles du centre vous seront envoy\u00e9es par Sr Reine Chikamnayo (Sr Chika) du secr\u00e9tariat de la maison provinciale. Un grand merci \u00e0 vous tous et nous comptons toujours sur vous.<\/div>\n<div>Sr Paola Nelemta<\/div>\n<p>A lire : <a href=\"http:\/\/www.campsinternationauxjeunes-sdc.fr\/balimba11\/fichiers\/newsletterSrPaolaMars17.pdf\" target=\"_blank\">http:\/\/www.campsinternationauxjeunes-sdc.fr\/balimba11\/fichiers\/newsletterSrPaolaMars17.pdf<\/a><\/p>\n","protected":false},"excerpt":{"rendered":"<p>Chers amis et bienfaiteurs, bonjour Il y a un temps de silence apr\u00e8s le d\u00e9part de Charlotte Lefeuvre la volontaire fran\u00e7aise le 17 d\u00e9cembre 2016. C\u2019\u00e9tait un vide \u00e0 g\u00e9rer et nous nous sommes organis\u00e9s en cons\u00e9quence pour faire avancer le centre de Balimba, pour continuer \u00e0 donner \u00e0 ces enfants qui ont accept\u00e9 de [&hellip;]<\/p>\n","protected":false},"author":2,"featured_media":0,"comment_status":"closed","ping_status":"open","sticky":false,"template":"","format":"standard","meta":{"_themeisle_gutenberg_block_has_review":false},"categories":[1],"tags":[],"_links":{"self":[{"href":"https:\/\/eco3x.fr\/BLOG\/onestensemble\/wp-json\/wp\/v2\/posts\/84"}],"collection":[{"href":"https:\/\/eco3x.fr\/BLOG\/onestensemble\/wp-json\/wp\/v2\/posts"}],"about":[{"href":"https:\/\/eco3x.fr\/BLOG\/onestensemble\/wp-json\/wp\/v2\/types\/post"}],"author":[{"embeddable":true,"href":"https:\/\/eco3x.fr\/BLOG\/onestensemble\/wp-json\/wp\/v2\/users\/2"}],"replies":[{"embeddable":true,"href":"https:\/\/eco3x.fr\/BLOG\/onestensemble\/wp-json\/wp\/v2\/comments?post=84"}],"version-history":[{"count":2,"href":"https:\/\/eco3x.fr\/BLOG\/onestensemble\/wp-json\/wp\/v2\/posts\/84\/revisions"}],"predecessor-version":[{"id":86,"href":"https:\/\/eco3x.fr\/BLOG\/onestensemble\/wp-json\/wp\/v2\/posts\/84\/revisions\/86"}],"wp:attachment":[{"href":"https:\/\/eco3x.fr\/BLOG\/onestensemble\/wp-json\/wp\/v2\/media?parent=84"}],"wp:term":[{"taxonomy":"category","embeddable":true,"href":"https:\/\/eco3x.fr\/BLOG\/onestensemble\/wp-json\/wp\/v2\/categories?post=84"},{"taxonomy":"post_tag","embeddable":true,"href":"https:\/\/eco3x.fr\/BLOG\/onestensemble\/wp-json\/wp\/v2\/tags?post=84"}],"curies":[{"name":"wp","href":"https:\/\/api.w.org\/{rel}","templated":true}]}}