{"id":98,"date":"2019-11-17T14:49:07","date_gmt":"2019-11-17T13:49:07","guid":{"rendered":"http:\/\/eco3x.fr\/BLOG\/onestensemble\/?p=98"},"modified":"2019-12-07T12:18:00","modified_gmt":"2019-12-07T11:18:00","slug":"novembre-2019","status":"publish","type":"post","link":"https:\/\/eco3x.fr\/BLOG\/onestensemble\/novembre-2019\/","title":{"rendered":"2019 &#8211; 2020"},"content":{"rendered":"\n<p>Chers amis et bienfaiteurs,<\/p>\n\n\n\n<p>Tout d&rsquo;abord nous voulons nous pr\u00e9senter&nbsp;: Nathalie et Fran\u00e7ois FRYS. Nous sommes volontaires DCC au centre des enfants de Balimba pour cette ann\u00e9e scolaire 2019-2020. Ce projet de volontariat au Tchad s&rsquo;est concr\u00e9tis\u00e9&nbsp; gr\u00e2ce \u00e0 Claire MESLOT qui nous a mis en contact avec S\u0153ur Paola (Provinciale des s\u0153urs de la Charit\u00e9 en Afrique Centrale). Nous avons 54 et 52 ans, originaires de Franche Comt\u00e9, nous avons travaill\u00e9 pendant 20 ans en Andorre. Nous avons 4 enfants, tous lanc\u00e9s dans la vie. Nous sommes professeurs des \u00e9coles tous les 2 et avons pris une ann\u00e9e de disponibilit\u00e9 pour travailler ici&#8230;<\/p>\n\n\n\n<div class=\"wp-block-file\"><a href=\"http:\/\/eco3x.fr\/BLOG\/onestensemble\/wp-content\/uploads\/lettre-aux-bienfaiteurs-OCTOBRE-2019.pdf\">lettre aux bienfaiteurs OCTOBRE 2019<\/a><a href=\"http:\/\/eco3x.fr\/BLOG\/onestensemble\/wp-content\/uploads\/lettre-aux-bienfaiteurs-OCTOBRE-2019.pdf\" class=\"wp-block-file__button\" download>T\u00e9l\u00e9charger<\/a><\/div>\n\n\n\n<div class=\"wp-block-file\"><a href=\"http:\/\/eco3x.fr\/BLOG\/onestensemble\/wp-content\/uploads\/lettre-aux-bienfaiteurs-Novembre-2019.pdf\">lettre aux bienfaiteurs Novembre 2019<\/a><a href=\"http:\/\/eco3x.fr\/BLOG\/onestensemble\/wp-content\/uploads\/lettre-aux-bienfaiteurs-Novembre-2019.pdf\" class=\"wp-block-file__button\" download>T\u00e9l\u00e9charger<\/a><\/div>\n\n\n\n<p><\/p>\n","protected":false},"excerpt":{"rendered":"<p>Chers amis et bienfaiteurs, Tout d&rsquo;abord nous voulons nous pr\u00e9senter&nbsp;: Nathalie et Fran\u00e7ois FRYS. Nous sommes volontaires DCC au centre des enfants de Balimba pour cette ann\u00e9e scolaire 2019-2020. Ce projet de volontariat au Tchad s&rsquo;est concr\u00e9tis\u00e9&nbsp; gr\u00e2ce \u00e0 Claire MESLOT qui nous a mis en contact avec S\u0153ur Paola (Provinciale des s\u0153urs de la [&hellip;]<\/p>\n","protected":false},"author":1,"featured_media":99,"comment_status":"closed","ping_status":"open","sticky":false,"template":"","format":"standard","meta":{"_themeisle_gutenberg_block_has_review":false},"categories":[1],"tags":[],"_links":{"self":[{"href":"https:\/\/eco3x.fr\/BLOG\/onestensemble\/wp-json\/wp\/v2\/posts\/98"}],"collection":[{"href":"https:\/\/eco3x.fr\/BLOG\/onestensemble\/wp-json\/wp\/v2\/posts"}],"about":[{"href":"https:\/\/eco3x.fr\/BLOG\/onestensemble\/wp-json\/wp\/v2\/types\/post"}],"author":[{"embeddable":true,"href":"https:\/\/eco3x.fr\/BLOG\/onestensemble\/wp-json\/wp\/v2\/users\/1"}],"replies":[{"embeddable":true,"href":"https:\/\/eco3x.fr\/BLOG\/onestensemble\/wp-json\/wp\/v2\/comments?post=98"}],"version-history":[{"count":7,"href":"https:\/\/eco3x.fr\/BLOG\/onestensemble\/wp-json\/wp\/v2\/posts\/98\/revisions"}],"predecessor-version":[{"id":112,"href":"https:\/\/eco3x.fr\/BLOG\/onestensemble\/wp-json\/wp\/v2\/posts\/98\/revisions\/112"}],"wp:featuredmedia":[{"embeddable":true,"href":"https:\/\/eco3x.fr\/BLOG\/onestensemble\/wp-json\/wp\/v2\/media\/99"}],"wp:attachment":[{"href":"https:\/\/eco3x.fr\/BLOG\/onestensemble\/wp-json\/wp\/v2\/media?parent=98"}],"wp:term":[{"taxonomy":"category","embeddable":true,"href":"https:\/\/eco3x.fr\/BLOG\/onestensemble\/wp-json\/wp\/v2\/categories?post=98"},{"taxonomy":"post_tag","embeddable":true,"href":"https:\/\/eco3x.fr\/BLOG\/onestensemble\/wp-json\/wp\/v2\/tags?post=98"}],"curies":[{"name":"wp","href":"https:\/\/api.w.org\/{rel}","templated":true}]}}